{"id":9903,"date":"2024-10-07T18:16:52","date_gmt":"2024-10-07T17:16:52","guid":{"rendered":"https:\/\/www.salon-international.net\/wp\/?p=9903"},"modified":"2024-10-23T10:47:04","modified_gmt":"2024-10-23T09:47:04","slug":"premio-young-talents-italia-loreal-unesco-per-le-donne-e-la-scienza","status":"publish","type":"post","link":"https:\/\/www.salon-international.net\/wp\/?p=9903","title":{"rendered":"Premio Young Talents Italia &#8211; L&#8217;Or\u00e9al &#8211; UNESCO per le Donne e la Scienza"},"content":{"rendered":"<p>Il 7 e l&#8217;8 ottobre 2024, gli Atenei di Messina e Catania sono stati scelti per la presentazione del Premio Young Talents Italia &#8211; L\u2019Or\u00e9al-UNESCO \u201cPer le Donne e la Scienza\u201d, un riconoscimento nato nel 2002 grazie a L&#8217;Or\u00e9al Italia in collaborazione con la Commissione Nazionale Italiana per l&#8217;UNESCO. Nel corso degli anni, il premio ha assegnato 112 borse di studio. A partire dalla scorsa edizione, le 6 borse di studio, del valore di 20.000 euro ciascuna, sono diventate veri e propri Premi. L&#8217;obiettivo \u00e8 quello di coinvolgere un numero pi\u00f9 ampio di ricercatrici e avere una maggiore compatibilit\u00e0 con altre Borse di studio che le candidate potrebbero ottenere. Un supporto concreto per giovani ricercatrici che possono, grazie al Premio, portare avanti la propria attivit\u00e0 di ricerca e il proprio progetto di studio in Italia. Il bando nel 2024 ha raccolto il numero record di 260 candidature.<\/p>\n<div id=\"mainscreen\">\n<div id=\"messageframe\">\n<div class=\"boxlistcontent\">\n<div id=\"messagebody\">\n<div id=\"message-htmlpart1\" class=\"message-htmlpart\">\n<div class=\"rcmBody\">\n<p>Il Premio si pone l&#8217;obiettivo per il 2025 di raccogliere ancora pi\u00f9 candidature dal Sud Italia dove si trovano poli universitari e istituti scientifici eccellenti. Nello scorso anno, infatti, meno del 20 per cento delle candidature proveniva da Universit\u00e0 del Sud. Un dato che ha aperto una riflessione nella giuria e che ha spinto L&#8217;Or\u00e9al Italia ad andare sul territorio per poter raccontare il valore di un premio che si pone l&#8217;obiettivo di supportare le giovani ricercatrici in un percorso complesso.<\/p>\n<\/div>\n<\/div>\n<\/div>\n<p><img decoding=\"async\" loading=\"lazy\" class=\"alignleft size-full wp-image-9904\" src=\"http:\/\/www.salon-international.net\/wp\/wp-content\/uploads\/Ilkg07ilvtB6.jpg\" alt=\"\" width=\"1791\" height=\"1500\" srcset=\"https:\/\/www.salon-international.net\/wp\/wp-content\/uploads\/Ilkg07ilvtB6.jpg 1791w, https:\/\/www.salon-international.net\/wp\/wp-content\/uploads\/Ilkg07ilvtB6-300x251.jpg 300w, https:\/\/www.salon-international.net\/wp\/wp-content\/uploads\/Ilkg07ilvtB6-1024x858.jpg 1024w, https:\/\/www.salon-international.net\/wp\/wp-content\/uploads\/Ilkg07ilvtB6-768x643.jpg 768w, https:\/\/www.salon-international.net\/wp\/wp-content\/uploads\/Ilkg07ilvtB6-1536x1286.jpg 1536w\" sizes=\"(max-width: 1791px) 100vw, 1791px\" \/>Da SX_Dott.ssa Chiara Trovatello_Anna Chiara Gaudenzi &#8211; L&#8217;Ore\u0301al Italia_Prof.ssa Lucia Votano_Prof. Salvatore Magazu\u0300_Candida Milone &#8211; Prorettrice alla Didattica dell&#8217;Universita\u0300 di Messina_Paola Dugo &#8211; Prorettrice alla Ricerca dell&#8217;Universita\u0300 di Messina<\/p>\n<\/div>\n<\/div>\n<\/div>\n<p>&nbsp;<\/p>\n","protected":false},"excerpt":{"rendered":"<p>Il 7 e l&#8217;8 ottobre 2024, gli Atenei di Messina e Catania sono stati scelti per la presentazione del Premio Young Talents Italia &#8211; L\u2019Or\u00e9al-UNESCO \u201cPer le Donne e la Scienza\u201d, un riconoscimento nato nel 2002 grazie a L&#8217;Or\u00e9al Italia in collaborazione con la Commissione Nazionale Italiana per l&#8217;UNESCO. Nel corso degli anni, il premio<\/p>\n","protected":false},"author":1,"featured_media":0,"comment_status":"open","ping_status":"closed","sticky":false,"template":"","format":"standard","meta":[],"categories":[219],"tags":[1985,1983,1984],"views":375,"_links":{"self":[{"href":"https:\/\/www.salon-international.net\/wp\/index.php?rest_route=\/wp\/v2\/posts\/9903"}],"collection":[{"href":"https:\/\/www.salon-international.net\/wp\/index.php?rest_route=\/wp\/v2\/posts"}],"about":[{"href":"https:\/\/www.salon-international.net\/wp\/index.php?rest_route=\/wp\/v2\/types\/post"}],"author":[{"embeddable":true,"href":"https:\/\/www.salon-international.net\/wp\/index.php?rest_route=\/wp\/v2\/users\/1"}],"replies":[{"embeddable":true,"href":"https:\/\/www.salon-international.net\/wp\/index.php?rest_route=%2Fwp%2Fv2%2Fcomments&post=9903"}],"version-history":[{"count":1,"href":"https:\/\/www.salon-international.net\/wp\/index.php?rest_route=\/wp\/v2\/posts\/9903\/revisions"}],"predecessor-version":[{"id":9905,"href":"https:\/\/www.salon-international.net\/wp\/index.php?rest_route=\/wp\/v2\/posts\/9903\/revisions\/9905"}],"wp:attachment":[{"href":"https:\/\/www.salon-international.net\/wp\/index.php?rest_route=%2Fwp%2Fv2%2Fmedia&parent=9903"}],"wp:term":[{"taxonomy":"category","embeddable":true,"href":"https:\/\/www.salon-international.net\/wp\/index.php?rest_route=%2Fwp%2Fv2%2Fcategories&post=9903"},{"taxonomy":"post_tag","embeddable":true,"href":"https:\/\/www.salon-international.net\/wp\/index.php?rest_route=%2Fwp%2Fv2%2Ftags&post=9903"}],"curies":[{"name":"wp","href":"https:\/\/api.w.org\/{rel}","templated":true}]}}