{"id":9810,"date":"2024-10-09T10:48:23","date_gmt":"2024-10-09T09:48:23","guid":{"rendered":"https:\/\/www.salon-international.net\/wp\/?p=9810"},"modified":"2024-10-17T11:25:44","modified_gmt":"2024-10-17T10:25:44","slug":"golden-wella-show-levento-a-milano-in-dicembre","status":"publish","type":"post","link":"https:\/\/www.salon-international.net\/wp\/?p=9810","title":{"rendered":"Golden Wella Show l&#8217;evento a Milano in dicembre"},"content":{"rendered":"<p><a href=\"http:\/\/www.salon-international.net\/wp\/wp-content\/uploads\/WELLA-GOLDEN-SHOW_-2-dicembre-2024-scaled.jpg\"><img decoding=\"async\" loading=\"lazy\" class=\"alignleft size-medium wp-image-9812\" src=\"http:\/\/www.salon-international.net\/wp\/wp-content\/uploads\/WELLA-GOLDEN-SHOW_-2-dicembre-2024-300x212.jpg\" alt=\"\" width=\"300\" height=\"212\" srcset=\"https:\/\/www.salon-international.net\/wp\/wp-content\/uploads\/WELLA-GOLDEN-SHOW_-2-dicembre-2024-300x212.jpg 300w, https:\/\/www.salon-international.net\/wp\/wp-content\/uploads\/WELLA-GOLDEN-SHOW_-2-dicembre-2024-1024x724.jpg 1024w, https:\/\/www.salon-international.net\/wp\/wp-content\/uploads\/WELLA-GOLDEN-SHOW_-2-dicembre-2024-768x543.jpg 768w, https:\/\/www.salon-international.net\/wp\/wp-content\/uploads\/WELLA-GOLDEN-SHOW_-2-dicembre-2024-1536x1086.jpg 1536w, https:\/\/www.salon-international.net\/wp\/wp-content\/uploads\/WELLA-GOLDEN-SHOW_-2-dicembre-2024-2048x1448.jpg 2048w\" sizes=\"(max-width: 300px) 100vw, 300px\" \/><\/a>Wella, con un team grandi artisti dell\u2019acconciatura, \u00e8 gi\u00e0 al lavoro per preparare l&#8217;appuntamento dell&#8217;anno: <strong>Golden Wella Show Innovazione * Creativit\u00e0 * Ispirazione<\/strong>, un momento di grande spettacolo dal vivo sul prestigioso palco del Teatro Arcimboldi a Milano 2 dicembre 2024. Coordinati dalla regia di <strong>Wella Professionals<\/strong> si esibiranno live hairstylist noti come Jordanna Cobella, Ivan Arniaud e\u00a0anche i Direttori Artistici Alessandro Galetti, Direttore Artistico Wella Professionals e Vincenzo Panico, Direttore Artistico Sebastian Italia e due firme prestigiose degli hairlook, il Team Firriolo e Egidio Borri e i quattro gruppi legati a Wella, punte di diamante del panorama dell\u2019hairstyle: Art Hair Studios con Alessandro Galetti, Elisa Ferrari e Alessia Sigona, Mit\u00f9 con Andrea Gennaro, Carlo Di Donato, Dario Manzan e Sabrina Locci, The Club con Antonello Lotito, Alessio Larghetti, Leo Libardi e James Hair Fashion Club con Giorgio Parrivecchio e Alessandro Squarza. Inoltre, un momento di riflessione condivisa con la lectio magistralis di Claudio Mengoni, fondatore di Degrad\u00e9 Joelle.<\/p>\n<p>&nbsp;<\/p>\n","protected":false},"excerpt":{"rendered":"<p>Wella, con un team grandi artisti dell\u2019acconciatura, \u00e8 gi\u00e0 al lavoro per preparare l&#8217;appuntamento dell&#8217;anno: Golden Wella Show Innovazione * Creativit\u00e0 * Ispirazione, un momento di grande spettacolo dal vivo sul prestigioso palco del Teatro Arcimboldi a Milano 2 dicembre 2024. Coordinati dalla regia di Wella Professionals si esibiranno live hairstylist noti come Jordanna Cobella,<\/p>\n","protected":false},"author":1,"featured_media":0,"comment_status":"open","ping_status":"closed","sticky":false,"template":"","format":"standard","meta":[],"categories":[7,219],"tags":[1666],"views":1490,"_links":{"self":[{"href":"https:\/\/www.salon-international.net\/wp\/index.php?rest_route=\/wp\/v2\/posts\/9810"}],"collection":[{"href":"https:\/\/www.salon-international.net\/wp\/index.php?rest_route=\/wp\/v2\/posts"}],"about":[{"href":"https:\/\/www.salon-international.net\/wp\/index.php?rest_route=\/wp\/v2\/types\/post"}],"author":[{"embeddable":true,"href":"https:\/\/www.salon-international.net\/wp\/index.php?rest_route=\/wp\/v2\/users\/1"}],"replies":[{"embeddable":true,"href":"https:\/\/www.salon-international.net\/wp\/index.php?rest_route=%2Fwp%2Fv2%2Fcomments&post=9810"}],"version-history":[{"count":3,"href":"https:\/\/www.salon-international.net\/wp\/index.php?rest_route=\/wp\/v2\/posts\/9810\/revisions"}],"predecessor-version":[{"id":9814,"href":"https:\/\/www.salon-international.net\/wp\/index.php?rest_route=\/wp\/v2\/posts\/9810\/revisions\/9814"}],"wp:attachment":[{"href":"https:\/\/www.salon-international.net\/wp\/index.php?rest_route=%2Fwp%2Fv2%2Fmedia&parent=9810"}],"wp:term":[{"taxonomy":"category","embeddable":true,"href":"https:\/\/www.salon-international.net\/wp\/index.php?rest_route=%2Fwp%2Fv2%2Fcategories&post=9810"},{"taxonomy":"post_tag","embeddable":true,"href":"https:\/\/www.salon-international.net\/wp\/index.php?rest_route=%2Fwp%2Fv2%2Ftags&post=9810"}],"curies":[{"name":"wp","href":"https:\/\/api.w.org\/{rel}","templated":true}]}}