{"id":9803,"date":"2024-10-06T11:41:09","date_gmt":"2024-10-06T10:41:09","guid":{"rendered":"https:\/\/www.salon-international.net\/wp\/?p=9803"},"modified":"2024-10-08T12:08:07","modified_gmt":"2024-10-08T11:08:07","slug":"z-one-concept-festeggia-ad-ibiza-25-anni","status":"publish","type":"post","link":"https:\/\/www.salon-international.net\/wp\/?p=9803","title":{"rendered":"z.one concept festeggia ad Ibiza 25 anni"},"content":{"rendered":"<p style=\"font-weight: 400;\"><a href=\"http:\/\/www.salon-international.net\/wp\/wp-content\/uploads\/Ibiza-1.jpg\"><img decoding=\"async\" loading=\"lazy\" class=\"aligncenter wp-image-9807 size-full\" src=\"http:\/\/www.salon-international.net\/wp\/wp-content\/uploads\/Ibiza-1.jpg\" alt=\"\" width=\"581\" height=\"320\" srcset=\"https:\/\/www.salon-international.net\/wp\/wp-content\/uploads\/Ibiza-1.jpg 581w, https:\/\/www.salon-international.net\/wp\/wp-content\/uploads\/Ibiza-1-300x165.jpg 300w\" sizes=\"(max-width: 581px) 100vw, 581px\" \/><\/a><\/p>\n<p style=\"font-weight: 400;\">Location da favola per festeggiare un traguardo importante per <strong>z.one concept<\/strong> azienda haircare che con i suoi brand milk_shake, simply zen e DEPOT il 7 e l&#8217;8 ottobre celebra 25 anni di attivit\u00e0 con una festa evento a Ibiza, isola che quest&#8217;anno celebra a sua volta i suoi <u>25 anni come Patrimonio dell&#8217;Umanit\u00e0 UNESCO<\/u>.<\/p>\n<p style=\"font-weight: 400;\"><strong>All&#8217;atteso evento, Graceful Giving: Embracing 25 Years of Beauty, <\/strong>ci saranno oltre 1000 ospiti provenienti da 30 nazioni per godere di tanti momenti insieme.<\/p>\n<p>&nbsp;<\/p>\n<p style=\"font-weight: 400;\">La sera dell&#8217;8 ottobre, Paseo Vara de Rey, nel cuore della citt\u00e0 di Ibiza, si trasformer\u00e0 in una hair beauty station con 600 postazioni di lavoro che sar\u00e0 allestita lungo tutta la piazza: i 1000 hairstylist metteranno a disposizione degli abitanti della citt\u00e0 e dei presenti la loro expertise, esibendosi live in acconciature e concludendo il percorso iniziato nel workshop.\u00a0Attorno a loro, artisti e musicisti locali si alterneranno su diversi palchi per rendere ancora pi\u00f9 unico lo show, che con la sua imponente\u00a0<strong>hair beauty station\u00a0<\/strong>si candida a entrare nel\u00a0<strong>Guinness dei Primati<\/strong>\u00a0come &#8220;<strong>Most people styling hair simultaneously<\/strong>&#8220;.<\/p>\n<p style=\"font-weight: 400;\"><a href=\"http:\/\/www.salon-international.net\/wp\/wp-content\/uploads\/Hair-station-scaled.jpg\"><img decoding=\"async\" loading=\"lazy\" class=\"aligncenter wp-image-9805 size-large\" src=\"http:\/\/www.salon-international.net\/wp\/wp-content\/uploads\/Hair-station-1024x759.jpg\" alt=\"\" width=\"1024\" height=\"759\" srcset=\"https:\/\/www.salon-international.net\/wp\/wp-content\/uploads\/Hair-station-1024x759.jpg 1024w, https:\/\/www.salon-international.net\/wp\/wp-content\/uploads\/Hair-station-300x222.jpg 300w, https:\/\/www.salon-international.net\/wp\/wp-content\/uploads\/Hair-station-768x569.jpg 768w, https:\/\/www.salon-international.net\/wp\/wp-content\/uploads\/Hair-station-1536x1139.jpg 1536w, https:\/\/www.salon-international.net\/wp\/wp-content\/uploads\/Hair-station-2048x1519.jpg 2048w\" sizes=\"(max-width: 1024px) 100vw, 1024px\" \/><\/a><\/p>\n","protected":false},"excerpt":{"rendered":"<p>Location da favola per festeggiare un traguardo importante per z.one concept azienda haircare che con i suoi brand milk_shake, simply zen e DEPOT il 7 e l&#8217;8 ottobre celebra 25 anni di attivit\u00e0 con una festa evento a Ibiza, isola che quest&#8217;anno celebra a sua volta i suoi 25 anni come Patrimonio dell&#8217;Umanit\u00e0 UNESCO. All&#8217;atteso<\/p>\n","protected":false},"author":1,"featured_media":0,"comment_status":"open","ping_status":"closed","sticky":false,"template":"","format":"standard","meta":[],"categories":[219],"tags":[1978,1617],"views":732,"_links":{"self":[{"href":"https:\/\/www.salon-international.net\/wp\/index.php?rest_route=\/wp\/v2\/posts\/9803"}],"collection":[{"href":"https:\/\/www.salon-international.net\/wp\/index.php?rest_route=\/wp\/v2\/posts"}],"about":[{"href":"https:\/\/www.salon-international.net\/wp\/index.php?rest_route=\/wp\/v2\/types\/post"}],"author":[{"embeddable":true,"href":"https:\/\/www.salon-international.net\/wp\/index.php?rest_route=\/wp\/v2\/users\/1"}],"replies":[{"embeddable":true,"href":"https:\/\/www.salon-international.net\/wp\/index.php?rest_route=%2Fwp%2Fv2%2Fcomments&post=9803"}],"version-history":[{"count":1,"href":"https:\/\/www.salon-international.net\/wp\/index.php?rest_route=\/wp\/v2\/posts\/9803\/revisions"}],"predecessor-version":[{"id":9808,"href":"https:\/\/www.salon-international.net\/wp\/index.php?rest_route=\/wp\/v2\/posts\/9803\/revisions\/9808"}],"wp:attachment":[{"href":"https:\/\/www.salon-international.net\/wp\/index.php?rest_route=%2Fwp%2Fv2%2Fmedia&parent=9803"}],"wp:term":[{"taxonomy":"category","embeddable":true,"href":"https:\/\/www.salon-international.net\/wp\/index.php?rest_route=%2Fwp%2Fv2%2Fcategories&post=9803"},{"taxonomy":"post_tag","embeddable":true,"href":"https:\/\/www.salon-international.net\/wp\/index.php?rest_route=%2Fwp%2Fv2%2Ftags&post=9803"}],"curies":[{"name":"wp","href":"https:\/\/api.w.org\/{rel}","templated":true}]}}