{"id":9775,"date":"2024-10-04T10:46:59","date_gmt":"2024-10-04T09:46:59","guid":{"rendered":"https:\/\/www.salon-international.net\/wp\/?p=9775"},"modified":"2024-10-17T11:24:36","modified_gmt":"2024-10-17T10:24:36","slug":"adolescenti-a-scuola-di-autostima-grazie-al-progetto-dove","status":"publish","type":"post","link":"https:\/\/www.salon-international.net\/wp\/?p=9775","title":{"rendered":"Adolescenti a scuola di autostima grazie al progetto Dove"},"content":{"rendered":"<p class=\"western\"><a href=\"http:\/\/www.salon-international.net\/wp\/wp-content\/uploads\/DoveDay2024_infografica.jpg\"><img decoding=\"async\" loading=\"lazy\" class=\"alignleft size-medium wp-image-9776\" src=\"http:\/\/www.salon-international.net\/wp\/wp-content\/uploads\/DoveDay2024_infografica-300x169.jpg\" alt=\"\" width=\"300\" height=\"169\" srcset=\"https:\/\/www.salon-international.net\/wp\/wp-content\/uploads\/DoveDay2024_infografica-300x169.jpg 300w, https:\/\/www.salon-international.net\/wp\/wp-content\/uploads\/DoveDay2024_infografica-1024x576.jpg 1024w, https:\/\/www.salon-international.net\/wp\/wp-content\/uploads\/DoveDay2024_infografica-768x432.jpg 768w, https:\/\/www.salon-international.net\/wp\/wp-content\/uploads\/DoveDay2024_infografica-1536x864.jpg 1536w, https:\/\/www.salon-international.net\/wp\/wp-content\/uploads\/DoveDay2024_infografica.jpg 1920w\" sizes=\"(max-width: 300px) 100vw, 300px\" \/><\/a>Non sentirsi bella abbastanza \u00e8 da sempre un pensiero ricorrente nel cuore di molte giovani che non si accettano percependosi grasse, basse, insomma, sempre inadeguate.<\/p>\n<p class=\"western\">Complice di questo senso di inadeguatezza, va detto, \u00e8\u00a0 certamente la diffusione costante di corpi scolpiti, visi da dee,\u00a0 immagini di una bellezza impossibile da raggiungere e stereotipata.<\/p>\n<p><!--more--><\/p>\n<p>Nonostante negli ultimi anni si stiano facendo progressi verso un\u2019immagine pi\u00f9 inclusiva la forza delle immagini patinate e la continua esposizione a figure irrealistiche influiscono ancora profondamente sull\u2019autostima delle giovani, creando una percezione distorta di cosa significhi davvero essere belle.<\/p>\n<p style=\"font-weight: 400;\">Un tema, quello del rapporto con il proprio aspetto fisico, che si sviluppa sin da piccoli e implica sempre pi\u00f9 difficolt\u00e0 anche a partire dai pi\u00f9 i giovanissimi. Come rivelano alcuni, le\u00a0preoccupazioni inerenti all\u2019immagine corporea, infatti, iniziano a manifestarsi\u00a0gi\u00e0 all&#8217;et\u00e0 di 4 anni:1 bambina su 4, di et\u00e0 compresa tra 4 e 6 anni,\u00a0non \u00e8 pienamente soddisfatta\u00a0di una caratteristica del proprio aspetto fisico1 bambina su 3 dell\u2019et\u00e0 di 6 anni vorrebbe apparire pi\u00f9 magra.<\/p>\n<p>In occasione della Giornata Internazionale delle Bambine, indetta il prossimo<strong> 11 ottobre dall\u2019Assemblea Generale delle Nazioni Unite a tutela dei diritti delle pi\u00f9 piccole, Dove torna con la 20esima edizione del Dove Day.<\/strong> Durante questa importante giornata, Dove entra nelle scuole di tutto il mondo, comprese quelle italiane, con volontari appositamente formati che dialogano e si confrontano con ragazze e ragazzi, attraverso lezioni interattive, sui temi dell\u2019autostima e accettazione di s\u00e9. Dove Day \u00e8 un\u2019iniziativa che si svolge nell\u2019ambito del\u00a0<strong>Dove Progetto Autostima<\/strong>, che da 20 anni aiuta milioni di giovani a sviluppare la fiducia in s\u00e9 stessi e nel proprio corpo. Ad oggi, il Dove Progetto Autostima, attivo in tutto il mondo, ha gi\u00e0 raggiunto pi\u00f9 di 114 milioni di ragazzi e ragazze in 153 Paesi. In Italia, il progetto ha gi\u00e0 coinvolto 55.000 classi, per un totale di oltre 1 milione di studenti.<\/p>\n<p>&nbsp;<\/p>\n","protected":false},"excerpt":{"rendered":"<p>Non sentirsi bella abbastanza \u00e8 da sempre un pensiero ricorrente nel cuore di molte giovani che non si accettano percependosi grasse, basse, insomma, sempre inadeguate. Complice di questo senso di inadeguatezza, va detto, \u00e8\u00a0 certamente la diffusione costante di corpi scolpiti, visi da dee,\u00a0 immagini di una bellezza impossibile da raggiungere e stereotipata.<\/p>\n","protected":false},"author":1,"featured_media":0,"comment_status":"open","ping_status":"closed","sticky":false,"template":"","format":"standard","meta":[],"categories":[219],"tags":[1975,1974],"views":505,"_links":{"self":[{"href":"https:\/\/www.salon-international.net\/wp\/index.php?rest_route=\/wp\/v2\/posts\/9775"}],"collection":[{"href":"https:\/\/www.salon-international.net\/wp\/index.php?rest_route=\/wp\/v2\/posts"}],"about":[{"href":"https:\/\/www.salon-international.net\/wp\/index.php?rest_route=\/wp\/v2\/types\/post"}],"author":[{"embeddable":true,"href":"https:\/\/www.salon-international.net\/wp\/index.php?rest_route=\/wp\/v2\/users\/1"}],"replies":[{"embeddable":true,"href":"https:\/\/www.salon-international.net\/wp\/index.php?rest_route=%2Fwp%2Fv2%2Fcomments&post=9775"}],"version-history":[{"count":12,"href":"https:\/\/www.salon-international.net\/wp\/index.php?rest_route=\/wp\/v2\/posts\/9775\/revisions"}],"predecessor-version":[{"id":9833,"href":"https:\/\/www.salon-international.net\/wp\/index.php?rest_route=\/wp\/v2\/posts\/9775\/revisions\/9833"}],"wp:attachment":[{"href":"https:\/\/www.salon-international.net\/wp\/index.php?rest_route=%2Fwp%2Fv2%2Fmedia&parent=9775"}],"wp:term":[{"taxonomy":"category","embeddable":true,"href":"https:\/\/www.salon-international.net\/wp\/index.php?rest_route=%2Fwp%2Fv2%2Fcategories&post=9775"},{"taxonomy":"post_tag","embeddable":true,"href":"https:\/\/www.salon-international.net\/wp\/index.php?rest_route=%2Fwp%2Fv2%2Ftags&post=9775"}],"curies":[{"name":"wp","href":"https:\/\/api.w.org\/{rel}","templated":true}]}}