{"id":9314,"date":"2024-01-30T14:01:55","date_gmt":"2024-01-30T13:01:55","guid":{"rendered":"https:\/\/www.salon-international.net\/wp\/?p=9314"},"modified":"2024-02-02T10:09:18","modified_gmt":"2024-02-02T09:09:18","slug":"extro-parrucchieri-milano-vince-il-premio-wella-per-il-storytelling-le-pubbliche-relazioni","status":"publish","type":"post","link":"https:\/\/www.salon-international.net\/wp\/?p=9314","title":{"rendered":"Extro Parrucchieri Milano vince il Premio Wella per il Storytelling &#038; le Pubbliche Relazioni"},"content":{"rendered":"<p><a href=\"http:\/\/www.salon-international.net\/wp\/wp-content\/uploads\/Extro-Parrucchieri_2-scaled.jpg\"><img decoding=\"async\" loading=\"lazy\" class=\"aligncenter size-large wp-image-9315\" src=\"http:\/\/www.salon-international.net\/wp\/wp-content\/uploads\/Extro-Parrucchieri_2-1024x683.jpg\" alt=\"\" width=\"1024\" height=\"683\" srcset=\"https:\/\/www.salon-international.net\/wp\/wp-content\/uploads\/Extro-Parrucchieri_2-1024x683.jpg 1024w, https:\/\/www.salon-international.net\/wp\/wp-content\/uploads\/Extro-Parrucchieri_2-300x200.jpg 300w, https:\/\/www.salon-international.net\/wp\/wp-content\/uploads\/Extro-Parrucchieri_2-768x512.jpg 768w, https:\/\/www.salon-international.net\/wp\/wp-content\/uploads\/Extro-Parrucchieri_2-1536x1024.jpg 1536w, https:\/\/www.salon-international.net\/wp\/wp-content\/uploads\/Extro-Parrucchieri_2-2048x1365.jpg 2048w\" sizes=\"(max-width: 1024px) 100vw, 1024px\" \/><\/a>Da vent&#8217;anni, il salone di eccellenza <strong>Extro Parrucchieri<\/strong>, di Corso Magenta a Milano, non \u00e8 solo un indirizzo fisico di riferimento per rifarsi il look, ma anche un vivace canale social che su Instagram, offre quotidiani spunti per gli amanti della cura dei capelli e delle ultime tendenze dell&#8217;hairdressing. Ogni giorno clienti, influencers e celebrities che frequentano il salone, condividono le &#8220;stories&#8221; bellissime, che narrano con immagini e video delle loro sessioni di bellezza, il bel risultato di un cambio colore, di un nuovo taglio, insomma del loro benessere in salone. Dietro al successo del salone Extro Parrucchieri ci sono Davide Cal\u00f2, Francesco Vinaccia, Giuseppe Fina e Rocco Rizzo, parrucchieri capaci, con un talento in pi\u00f9, quello di voler condividere e raccontare sui social la magia di ci\u00f2 che accade che si vive in salone: &#8220;dare forma alle emozioni&#8221; e cos\u00ec creare un circolo virtuoso di interesse che crea affezione e relazioni nei clienti.<\/p>\n<p>Proprio per questo il 29 gennaio 2024 Extro Parrucchieri ha vinto il Premio Wella per il <strong><em>Storytelling &amp; le Pubbliche relazioni<\/em><\/strong> durante la quarta edizione di <em>Arti e professioni dell\u2019eccellenza italiana &#8211; Premio Wella ai migliori saloni italiani,<\/em> la cerimonia di premiazione per celebrare la professione dell\u2019acconciatore e valorizzarne la sua eccellenza italiana presso Palazzo Montecitorio di Roma.<\/p>\n<p>I soci di Extro Parrucchieri commentano cos\u00ec la vittoria del premio: &#8220;Questo riconoscimento rappresenta il coronamento di un ampio progetto partito molti anni fa. Il nostro impegno e la nostra professionalit\u00e0 si riflettono anche nelle relazioni; oggi, essere multicanale \u00e8 fondamentale per una comunicazione efficace. Il nostro \u00e8 un mondo di connessioni online e offline.&#8221;<\/p>\n<p>&nbsp;<\/p>\n","protected":false},"excerpt":{"rendered":"<p>Da vent&#8217;anni, il salone di eccellenza Extro Parrucchieri, di Corso Magenta a Milano, non \u00e8 solo un indirizzo fisico di riferimento per rifarsi il look, ma anche un vivace canale social che su Instagram, offre quotidiani spunti per gli amanti della cura dei capelli e delle ultime tendenze dell&#8217;hairdressing. Ogni giorno clienti, influencers e celebrities<\/p>\n","protected":false},"author":1,"featured_media":0,"comment_status":"open","ping_status":"closed","sticky":false,"template":"","format":"standard","meta":[],"categories":[219],"tags":[],"views":682,"_links":{"self":[{"href":"https:\/\/www.salon-international.net\/wp\/index.php?rest_route=\/wp\/v2\/posts\/9314"}],"collection":[{"href":"https:\/\/www.salon-international.net\/wp\/index.php?rest_route=\/wp\/v2\/posts"}],"about":[{"href":"https:\/\/www.salon-international.net\/wp\/index.php?rest_route=\/wp\/v2\/types\/post"}],"author":[{"embeddable":true,"href":"https:\/\/www.salon-international.net\/wp\/index.php?rest_route=\/wp\/v2\/users\/1"}],"replies":[{"embeddable":true,"href":"https:\/\/www.salon-international.net\/wp\/index.php?rest_route=%2Fwp%2Fv2%2Fcomments&post=9314"}],"version-history":[{"count":6,"href":"https:\/\/www.salon-international.net\/wp\/index.php?rest_route=\/wp\/v2\/posts\/9314\/revisions"}],"predecessor-version":[{"id":9338,"href":"https:\/\/www.salon-international.net\/wp\/index.php?rest_route=\/wp\/v2\/posts\/9314\/revisions\/9338"}],"wp:attachment":[{"href":"https:\/\/www.salon-international.net\/wp\/index.php?rest_route=%2Fwp%2Fv2%2Fmedia&parent=9314"}],"wp:term":[{"taxonomy":"category","embeddable":true,"href":"https:\/\/www.salon-international.net\/wp\/index.php?rest_route=%2Fwp%2Fv2%2Fcategories&post=9314"},{"taxonomy":"post_tag","embeddable":true,"href":"https:\/\/www.salon-international.net\/wp\/index.php?rest_route=%2Fwp%2Fv2%2Ftags&post=9314"}],"curies":[{"name":"wp","href":"https:\/\/api.w.org\/{rel}","templated":true}]}}