{"id":9263,"date":"2024-01-16T12:10:31","date_gmt":"2024-01-16T11:10:31","guid":{"rendered":"https:\/\/www.salon-international.net\/wp\/?p=9263"},"modified":"2024-01-15T10:20:28","modified_gmt":"2024-01-15T09:20:28","slug":"strategie-per-crescere-nel-2024-dott-solari-cosmetics","status":"publish","type":"post","link":"https:\/\/www.salon-international.net\/wp\/?p=9263","title":{"rendered":"STRATEGIE PER CRESCERE NEL 2024: dott. solari cosmetics"},"content":{"rendered":"<p><em>Resilienza, capacit\u00e0 di reazione e cospicui investimenti. Cos\u00ec il settore della cosmetica in Italia ha recuperato terreno post pandemia e nel 2023 sta vivendo un anno da record nonostante le tensioni geopolitiche e la crisi della supply chain. L\u2019industria cosmetica italiana dimostra ancora una volta la capacit\u00e0 di creare prodotti di alta qualit\u00e0, sostenibili e in linea con le tendenze del mercato.<\/em><br \/>\n<em>[Cosmetica Italia, l\u2019associazione di categoria, prevede che nel 2023 il fatturato dell\u2019industria cosmetica italiana dovrebbe raggiungere i 14 miliardi di euro con un incremento del 7,1% rispetto all\u2019anno precedente. Voce trainante: le esportazioni (+del 9,5% nel 2023) insieme al mercato interno italiano che registra una crescita significativa. Nel 2022, i consumi cosmetici hanno raggiunto gli 11,6 miliardi di euro, con un aumento dell\u20198,9% rispetto all\u2019anno precedente. Le previsioni indicano un ulteriore aumento a 12,3 miliardi di euro nel 2023]<\/em><br \/>\n<em>La vostra realt\u00e0 aziendale come risponde a queste sfide?<\/em><\/p>\n<p><a href=\"http:\/\/www.salon-international.net\/wp\/wp-content\/uploads\/DSC00017-scaled.jpg\"><img decoding=\"async\" loading=\"lazy\" class=\"aligncenter size-large wp-image-9267\" src=\"http:\/\/www.salon-international.net\/wp\/wp-content\/uploads\/DSC00017-1024x683.jpg\" alt=\"\" width=\"1024\" height=\"683\" srcset=\"https:\/\/www.salon-international.net\/wp\/wp-content\/uploads\/DSC00017-1024x683.jpg 1024w, https:\/\/www.salon-international.net\/wp\/wp-content\/uploads\/DSC00017-300x200.jpg 300w, https:\/\/www.salon-international.net\/wp\/wp-content\/uploads\/DSC00017-768x512.jpg 768w, https:\/\/www.salon-international.net\/wp\/wp-content\/uploads\/DSC00017-1536x1024.jpg 1536w, https:\/\/www.salon-international.net\/wp\/wp-content\/uploads\/DSC00017-2048x1365.jpg 2048w\" sizes=\"(max-width: 1024px) 100vw, 1024px\" \/><\/a><\/p>\n<p><strong>Ci rispondono dott. solari cosmetics &#8211; Pietro Solari e Marta Maradini &#8211; Titolare e Responsabile Marketing Corporate identity<\/strong><\/p>\n<p>L\u2019immagine dell\u2019azienda e la nostra reputazione per noi sono fondamentali. Siamo un\u2019azienda giovane a forte tradizione famigliare. Per noi la qualit\u00e0, il Made in Italy, l\u2019attenzione al dettaglio, la cura quasi artigianale nella preparazione dei prodotti sono di fondamentale importanza e lo comunichiamo ogni giorno. Ci siamo anche ampliati fisicamente, investendo in un nuovo magazzino adiacente lo stabilimento che ospita pi\u00f9 di 700 posti pallet di prodotto finito. Per noi un grande motivo di orgoglio.<br \/>\nInnovazione e ricerca<br \/>\nPoniamo una grande attenzione all\u2019innovazione del prodotto: analizziamo i trend di mercato e creiamo prodotti innovativi che possano soddisfare le ultime tendenze e necessit\u00e0. La ricerca nelle formulazioni \u00e8 costante: la scelta degli ingredienti pi\u00f9 innovativi va di pari passo. Dedichiamo molto tempo, sia lato marketing sia lato R&amp;D, a studiare nuovi trend, nuovi prodotti, nuove formule e a migliorare l\u2019esistente.<br \/>\nSostenibilit\u00e0 e responsabilit\u00e0 ambientale<br \/>\nUn approccio etico e sostenibile verso ci\u00f2 che ci circonda per noi \u00e8 irrinunciabile. Tante sono le iniziative e le scelte aziendali che riguardano la sostenibilit\u00e0 e l\u2019attenzione all\u2019ambiente. Abbiamo redatto il nostro primo report sulla sostenibilit\u00e0 pubblicato sul nostro sito: l\u00ec \u00e8 riassunto tutto! \u00c8 stato un lungo lavoro, ma ha riscosso grande interesse.<br \/>\nDigitalizzazione ed e-commerce<br \/>\nNel corso degli anni l\u2019azienda si \u00e8 dotata di ge-stionali e software che hanno permesso di rende-re pi\u00f9 veloci ed efficienti tutti i processi aziendali, non da ultimo il nuovo magazzino completamen-te digitalizzato. Dall\u2019amministrazione, al perso-nale, ai processi produttivi, ecc. tutte le funzioni sono digitalizzate. L\u2019e-commerce al momento rappresenta una piccola parte delle nostre vendi-te, sicuramente c\u2019\u00e8 ancora molto lavoro da fare, ma il nostro primo obiettivo \u00e8 quello di tutelare la distribuzione e i nostri distributori in primis.<\/p>\n","protected":false},"excerpt":{"rendered":"<p>Resilienza, capacit\u00e0 di reazione e cospicui investimenti. Cos\u00ec il settore della cosmetica in Italia ha recuperato terreno post pandemia e nel 2023 sta vivendo un anno da record nonostante le tensioni geopolitiche e la crisi della supply chain. L\u2019industria cosmetica italiana dimostra ancora una volta la capacit\u00e0 di creare prodotti di alta qualit\u00e0, sostenibili e<\/p>\n","protected":false},"author":1,"featured_media":0,"comment_status":"open","ping_status":"closed","sticky":false,"template":"","format":"standard","meta":[],"categories":[1269],"tags":[],"views":688,"_links":{"self":[{"href":"https:\/\/www.salon-international.net\/wp\/index.php?rest_route=\/wp\/v2\/posts\/9263"}],"collection":[{"href":"https:\/\/www.salon-international.net\/wp\/index.php?rest_route=\/wp\/v2\/posts"}],"about":[{"href":"https:\/\/www.salon-international.net\/wp\/index.php?rest_route=\/wp\/v2\/types\/post"}],"author":[{"embeddable":true,"href":"https:\/\/www.salon-international.net\/wp\/index.php?rest_route=\/wp\/v2\/users\/1"}],"replies":[{"embeddable":true,"href":"https:\/\/www.salon-international.net\/wp\/index.php?rest_route=%2Fwp%2Fv2%2Fcomments&post=9263"}],"version-history":[{"count":2,"href":"https:\/\/www.salon-international.net\/wp\/index.php?rest_route=\/wp\/v2\/posts\/9263\/revisions"}],"predecessor-version":[{"id":9268,"href":"https:\/\/www.salon-international.net\/wp\/index.php?rest_route=\/wp\/v2\/posts\/9263\/revisions\/9268"}],"wp:attachment":[{"href":"https:\/\/www.salon-international.net\/wp\/index.php?rest_route=%2Fwp%2Fv2%2Fmedia&parent=9263"}],"wp:term":[{"taxonomy":"category","embeddable":true,"href":"https:\/\/www.salon-international.net\/wp\/index.php?rest_route=%2Fwp%2Fv2%2Fcategories&post=9263"},{"taxonomy":"post_tag","embeddable":true,"href":"https:\/\/www.salon-international.net\/wp\/index.php?rest_route=%2Fwp%2Fv2%2Ftags&post=9263"}],"curies":[{"name":"wp","href":"https:\/\/api.w.org\/{rel}","templated":true}]}}