{"id":8658,"date":"2022-11-30T13:08:15","date_gmt":"2022-11-30T12:08:15","guid":{"rendered":"https:\/\/www.salon-international.net\/wp\/?p=8658"},"modified":"2022-12-01T09:39:18","modified_gmt":"2022-12-01T08:39:18","slug":"cos-sakkas-vince-al-british-hairdressing-awards-2022","status":"publish","type":"post","link":"https:\/\/www.salon-international.net\/wp\/?p=8658","title":{"rendered":"Cos Sakkas vince al British Hairdressing Awards 2022"},"content":{"rendered":"<p><a href=\"http:\/\/www.salon-international.net\/wp\/wp-content\/uploads\/2022_07_28_ToniGuy_S3_112_V3-scaled.jpg\"><img decoding=\"async\" loading=\"lazy\" class=\"alignleft size-full wp-image-8659\" src=\"http:\/\/www.salon-international.net\/wp\/wp-content\/uploads\/2022_07_28_ToniGuy_S3_112_V3-scaled.jpg\" alt=\"\" width=\"1920\" height=\"2560\" srcset=\"https:\/\/www.salon-international.net\/wp\/wp-content\/uploads\/2022_07_28_ToniGuy_S3_112_V3-scaled.jpg 1920w, https:\/\/www.salon-international.net\/wp\/wp-content\/uploads\/2022_07_28_ToniGuy_S3_112_V3-225x300.jpg 225w, https:\/\/www.salon-international.net\/wp\/wp-content\/uploads\/2022_07_28_ToniGuy_S3_112_V3-768x1024.jpg 768w, https:\/\/www.salon-international.net\/wp\/wp-content\/uploads\/2022_07_28_ToniGuy_S3_112_V3-1152x1536.jpg 1152w, https:\/\/www.salon-international.net\/wp\/wp-content\/uploads\/2022_07_28_ToniGuy_S3_112_V3-1536x2048.jpg 1536w\" sizes=\"(max-width: 1920px) 100vw, 1920px\" \/><\/a>The winnes is: Cos Sakkas! Ad aggiudicarsi il prestigioso premi come British Hairdresser dell&#8217;anno ai British Hairdressing Awards 2022, sponsorizzati da Schwarzkopf Professional, che si sono svolti a Londra con pi\u00f9 di 1.400figure note nel settore dell\u2019hairdressing britannico.<br \/>\nCos \u00e8 il Global Creative Director di TONI&amp;GUY e LABEL.M, lavora nella TONI&amp;GUY Academy di Londra ed \u00e8 anche l&#8217;attuale International Hairdresser dell\u2019anno \u2013 il primo parrucchiere a detenere due premi prestigiosi contemporaneamente. Cos si \u00e8 aggiudicato la nominazione, con la sua nuova collezione \u201cVertigo\u201d, una vera e propria testimonianza della sua passione, abilit\u00e0 e dedizione al mestiere. Per aggiudicarsi il podio, ha dovuto contendersi la vincita, con una forte concorrenza tra cui sette dei pi\u00f9 abili hairdresser di Inghilterra. Cos non \u00e8 nuovo alle vincite, \u00e8 la terza volta che si aggiudica il premio come miglior hairdresser dell&#8217;anno a Londra e facendo parte del Global Artistic Team di TONI&amp;GUY ha battuto i record nel settore con molteplici vittorie. Infatti era gi\u00e0 stato nominato tra i finalisti nel 2018, 2019, 2020, 2021 prima di aggiudicarselo nel 2022.<\/p>\n","protected":false},"excerpt":{"rendered":"<p>The winnes is: Cos Sakkas! Ad aggiudicarsi il prestigioso premi come British Hairdresser dell&#8217;anno ai British Hairdressing Awards 2022, sponsorizzati da Schwarzkopf Professional, che si sono svolti a Londra con pi\u00f9 di 1.400figure note nel settore dell\u2019hairdressing britannico. Cos \u00e8 il Global Creative Director di TONI&amp;GUY e LABEL.M, lavora nella TONI&amp;GUY Academy di Londra ed<\/p>\n","protected":false},"author":1,"featured_media":0,"comment_status":"open","ping_status":"closed","sticky":false,"template":"","format":"standard","meta":[],"categories":[219],"tags":[1829,1830,1831],"views":646,"_links":{"self":[{"href":"https:\/\/www.salon-international.net\/wp\/index.php?rest_route=\/wp\/v2\/posts\/8658"}],"collection":[{"href":"https:\/\/www.salon-international.net\/wp\/index.php?rest_route=\/wp\/v2\/posts"}],"about":[{"href":"https:\/\/www.salon-international.net\/wp\/index.php?rest_route=\/wp\/v2\/types\/post"}],"author":[{"embeddable":true,"href":"https:\/\/www.salon-international.net\/wp\/index.php?rest_route=\/wp\/v2\/users\/1"}],"replies":[{"embeddable":true,"href":"https:\/\/www.salon-international.net\/wp\/index.php?rest_route=%2Fwp%2Fv2%2Fcomments&post=8658"}],"version-history":[{"count":1,"href":"https:\/\/www.salon-international.net\/wp\/index.php?rest_route=\/wp\/v2\/posts\/8658\/revisions"}],"predecessor-version":[{"id":8660,"href":"https:\/\/www.salon-international.net\/wp\/index.php?rest_route=\/wp\/v2\/posts\/8658\/revisions\/8660"}],"wp:attachment":[{"href":"https:\/\/www.salon-international.net\/wp\/index.php?rest_route=%2Fwp%2Fv2%2Fmedia&parent=8658"}],"wp:term":[{"taxonomy":"category","embeddable":true,"href":"https:\/\/www.salon-international.net\/wp\/index.php?rest_route=%2Fwp%2Fv2%2Fcategories&post=8658"},{"taxonomy":"post_tag","embeddable":true,"href":"https:\/\/www.salon-international.net\/wp\/index.php?rest_route=%2Fwp%2Fv2%2Ftags&post=8658"}],"curies":[{"name":"wp","href":"https:\/\/api.w.org\/{rel}","templated":true}]}}