{"id":6668,"date":"2021-01-05T11:07:31","date_gmt":"2021-01-05T10:07:31","guid":{"rendered":"http:\/\/www.salon-international.net\/wp\/?p=6668"},"modified":"2021-01-19T10:23:00","modified_gmt":"2021-01-19T09:23:00","slug":"colora-lucida-e-crea-con-lumishine-demi-permanents-di-joico","status":"publish","type":"post","link":"https:\/\/www.salon-international.net\/wp\/?p=6668","title":{"rendered":"COLORA, LUCIDA E CREA CON LUMISHINE DEMI PERMANENTS DI JOICO"},"content":{"rendered":"<p>Alberto Di Domenico, art director di JOICO Italia, ci svela come fare un colore che lucida come un gloss e d\u00e0 la possibilit\u00e0 di creare effetti personalizzati per dare alla cliente la sfumatura adatta al suo viso. La risposta \u00e8 LUMISHINE DEMI PERMANENTS DI JOICO.<\/p>\n<p><iframe loading=\"lazy\" title=\"ALBERTO - LUMISHINE DEMI PERMANENTS\" width=\"500\" height=\"281\" src=\"https:\/\/www.youtube.com\/embed\/squ1wxwDar0?feature=oembed\" frameborder=\"0\" allow=\"accelerometer; autoplay; clipboard-write; encrypted-media; gyroscope; picture-in-picture\" allowfullscreen><\/iframe><\/p>\n","protected":false},"excerpt":{"rendered":"<p>Alberto Di Domenico, art director di JOICO Italia, ci svela come fare un colore che lucida come un gloss e d\u00e0 la possibilit\u00e0 di creare effetti personalizzati per dare alla cliente la sfumatura adatta al suo viso. La risposta \u00e8 LUMISHINE DEMI PERMANENTS DI JOICO.<\/p>\n","protected":false},"author":1,"featured_media":0,"comment_status":"open","ping_status":"closed","sticky":false,"template":"","format":"standard","meta":[],"categories":[4,1363],"tags":[1372,1388,289,100,1266],"views":1214,"_links":{"self":[{"href":"https:\/\/www.salon-international.net\/wp\/index.php?rest_route=\/wp\/v2\/posts\/6668"}],"collection":[{"href":"https:\/\/www.salon-international.net\/wp\/index.php?rest_route=\/wp\/v2\/posts"}],"about":[{"href":"https:\/\/www.salon-international.net\/wp\/index.php?rest_route=\/wp\/v2\/types\/post"}],"author":[{"embeddable":true,"href":"https:\/\/www.salon-international.net\/wp\/index.php?rest_route=\/wp\/v2\/users\/1"}],"replies":[{"embeddable":true,"href":"https:\/\/www.salon-international.net\/wp\/index.php?rest_route=%2Fwp%2Fv2%2Fcomments&post=6668"}],"version-history":[{"count":1,"href":"https:\/\/www.salon-international.net\/wp\/index.php?rest_route=\/wp\/v2\/posts\/6668\/revisions"}],"predecessor-version":[{"id":6670,"href":"https:\/\/www.salon-international.net\/wp\/index.php?rest_route=\/wp\/v2\/posts\/6668\/revisions\/6670"}],"wp:attachment":[{"href":"https:\/\/www.salon-international.net\/wp\/index.php?rest_route=%2Fwp%2Fv2%2Fmedia&parent=6668"}],"wp:term":[{"taxonomy":"category","embeddable":true,"href":"https:\/\/www.salon-international.net\/wp\/index.php?rest_route=%2Fwp%2Fv2%2Fcategories&post=6668"},{"taxonomy":"post_tag","embeddable":true,"href":"https:\/\/www.salon-international.net\/wp\/index.php?rest_route=%2Fwp%2Fv2%2Ftags&post=6668"}],"curies":[{"name":"wp","href":"https:\/\/api.w.org\/{rel}","templated":true}]}}