{"id":10431,"date":"2025-12-17T11:51:09","date_gmt":"2025-12-17T10:51:09","guid":{"rendered":"https:\/\/www.salon-international.net\/wp\/?p=10431"},"modified":"2025-12-17T11:51:09","modified_gmt":"2025-12-17T10:51:09","slug":"hair-education-e-formazione-professionale-parlux-elysium-al-centro-dellesperienza-threedom","status":"publish","type":"post","link":"https:\/\/www.salon-international.net\/wp\/?p=10431","title":{"rendered":"Hair education e formazione professionale: Parlux ELYSIUM\u00ae al centro dell\u2019esperienza Threedom"},"content":{"rendered":"<div class=\"flex flex-col text-sm pb-25\">\n<article class=\"text-token-text-primary w-full focus:outline-none [--shadow-height:45px] has-data-writing-block:pointer-events-none has-data-writing-block:-mt-(--shadow-height) has-data-writing-block:pt-(--shadow-height) [&amp;:has([data-writing-block])&gt;*]:pointer-events-auto [content-visibility:auto] supports-[content-visibility:auto]:[contain-intrinsic-size:auto_100lvh] scroll-mt-[calc(var(--header-height)+min(200px,max(70px,20svh)))]\" dir=\"auto\" tabindex=\"-1\" data-turn-id=\"request-WEB:49c0a8c1-9aca-4a9b-8eb0-dc3c62242963-0\" data-testid=\"conversation-turn-2\" data-scroll-anchor=\"true\" data-turn=\"assistant\">\n<div class=\"text-base my-auto mx-auto pb-10 [--thread-content-margin:--spacing(4)] @w-sm\/main:[--thread-content-margin:--spacing(6)] @w-lg\/main:[--thread-content-margin:--spacing(16)] px-(--thread-content-margin)\">\n<div class=\"[--thread-content-max-width:40rem] @w-lg\/main:[--thread-content-max-width:48rem] mx-auto max-w-(--thread-content-max-width) flex-1 group\/turn-messages focus-visible:outline-hidden relative flex w-full min-w-0 flex-col agent-turn\" tabindex=\"-1\">\n<div class=\"flex max-w-full flex-col grow\">\n<div class=\"min-h-8 text-message relative flex w-full flex-col items-end gap-2 text-start break-words whitespace-normal [.text-message+&amp;]:mt-1\" dir=\"auto\" data-message-author-role=\"assistant\" data-message-id=\"57a5da3a-afc9-465a-9483-52b1d5232ca8\" data-message-model-slug=\"gpt-5-2\">\n<div class=\"flex w-full flex-col gap-1 empty:hidden first:pt-[1px]\">\n<div class=\"markdown prose dark:prose-invert w-full break-words light markdown-new-styling\"><\/div>\n<\/div>\n<\/div>\n<\/div>\n<div class=\"z-0 flex min-h-[46px] justify-start\"><a href=\"http:\/\/www.salon-international.net\/wp\/wp-content\/uploads\/IMG-20251107-WA0008.jpg\"><img decoding=\"async\" loading=\"lazy\" class=\"alignleft wp-image-10434 size-medium\" src=\"http:\/\/www.salon-international.net\/wp\/wp-content\/uploads\/IMG-20251107-WA0008-225x300.jpg\" alt=\"\" width=\"225\" height=\"300\" srcset=\"https:\/\/www.salon-international.net\/wp\/wp-content\/uploads\/IMG-20251107-WA0008-225x300.jpg 225w, https:\/\/www.salon-international.net\/wp\/wp-content\/uploads\/IMG-20251107-WA0008-768x1024.jpg 768w, https:\/\/www.salon-international.net\/wp\/wp-content\/uploads\/IMG-20251107-WA0008-1152x1536.jpg 1152w, https:\/\/www.salon-international.net\/wp\/wp-content\/uploads\/IMG-20251107-WA0008.jpg 1200w\" sizes=\"(max-width: 225px) 100vw, 225px\" \/><\/a>La hair education professionale \u00e8 oggi pi\u00f9 che mai centrale nel settore parrucchieri perch\u00e9 il mercato richiede competenze sempre pi\u00f9 specializzate, un aggiornamento continuo sulle tendenze hair, la padronanza delle nuove tecniche di taglio e colore e un utilizzo sempre pi\u00f9 consapevole delle tecnologie professionali. In un contesto in costante evoluzione, la formazione rappresenta uno strumento fondamentale per distinguersi, migliorare la qualit\u00e0 del servizio e rispondere alle aspettative di una clientela sempre pi\u00f9 informata ed esigente. In questo scenario si inserisce il <strong>corso \u201cEvergreen 360\u201d del gruppo stilistico Threedom, svoltosi il 20 ottobre presso la Friends Academy di Marinor a Sesto San Giovanni (MI).<\/strong> L\u2019evento ha coinvolto circa venti titolari di salone in una giornata intensiva di formazione, strutturata in momenti teorici e pratici ad alto valore professionale. Guidati dall\u2019hairstylist Manuel Zapparoli e dal suo team, i partecipanti hanno approfondito due tagli di tendenza e i relativi hairstyle per la stagione Autunno-Inverno 2025-2026, oltre a una tecnica di colorazione innovativa e versatile, applicabile sia su capelli corti sia su lunghezze pi\u00f9 strutturate. Ampio spazio \u00e8 stato dedicato anche all\u2019uso delle tecnologie professionali in salone.<\/div>\n<div><\/div>\n<div class=\"z-0 flex min-h-[46px] justify-start\">Durante le fasi di asciugatura e styling \u00e8 stato utilizzato il nuovo asciugacapelli professionale Parlux ELYSIUM\u00ae, ultima novit\u00e0 firmata Parlux, progettata per rispondere alle esigenze dei professionisti pi\u00f9 esigenti. <strong>Nel corso della giornata intensiva, i partecipanti hanno potuto testare direttamente le performance di Parlux ELYSIUM\u00ae in situazioni di lavoro reale.<\/strong> La combinazione di potenza professionale da 2300 watt e struttura leggera, compatta ed ergonomica consente un\u2019asciugatura rapida e precisa, contribuendo a ridurre l\u2019affaticamento durante l\u2019uso prolungato in salone. Le 9 combinazioni di velocit\u00e0 e temperatura permettono una personalizzazione completa dello styling, adattandosi a ogni tipo di capello e tecnica di lavoro. La tecnologia Air Ionizer Tech migliora visibilmente la qualit\u00e0 del capello, che appare pi\u00f9 morbido, lucido e sano, mentre il cavo girevole brevettato a 360\u00b0 STC (Special Twisting Cable) garantisce massima libert\u00e0 di movimento, ottimizzando fluidit\u00e0 ed efficienza operativa. L\u2019esperienza pratica ha suscitato grande interesse tra i corsisti, che hanno riconosciuto in Parlux ELYSIUM\u00ae un alleato concreto per migliorare tempi di lavoro, comfort operativo e qualit\u00e0 del risultato finale, elementi sempre pi\u00f9 determinanti per il successo del salone moderno. Il percorso formativo firmato Parlux e gruppo Threedom proseguir\u00e0 nei prossimi mesi con nuovi corsi di specializzazione e appuntamenti educational in diverse regioni d\u2019Italia, portando la cultura dell\u2019innovazione, la formazione di alto livello e le performance professionali di Parlux ELYSIUM\u00ae nelle migliori accademie per parrucchieri. TESTO A)Hair education e innovazione: Parlux ELYSIUM\u00ae protagonista della formazione Threedom.<\/div>\n<div><\/div>\n<div class=\"mt-3 w-full empty:hidden\">\n<div class=\"text-center\"><\/div>\n<\/div>\n<\/div>\n<\/div>\n<\/article>\n<\/div>\n<div class=\"pointer-events-none h-px w-px absolute bottom-0\" aria-hidden=\"true\" data-edge=\"true\"><\/div>\n","protected":false},"excerpt":{"rendered":"<p>La hair education professionale \u00e8 oggi pi\u00f9 che mai centrale nel settore parrucchieri perch\u00e9 il mercato richiede competenze sempre pi\u00f9 specializzate, un aggiornamento continuo sulle tendenze hair, la padronanza delle nuove tecniche di taglio e colore e un utilizzo sempre pi\u00f9 consapevole delle tecnologie professionali. In un contesto in costante evoluzione, la formazione rappresenta uno<\/p>\n","protected":false},"author":1,"featured_media":0,"comment_status":"open","ping_status":"closed","sticky":false,"template":"","format":"standard","meta":[],"categories":[219],"tags":[2113],"views":233,"_links":{"self":[{"href":"https:\/\/www.salon-international.net\/wp\/index.php?rest_route=\/wp\/v2\/posts\/10431"}],"collection":[{"href":"https:\/\/www.salon-international.net\/wp\/index.php?rest_route=\/wp\/v2\/posts"}],"about":[{"href":"https:\/\/www.salon-international.net\/wp\/index.php?rest_route=\/wp\/v2\/types\/post"}],"author":[{"embeddable":true,"href":"https:\/\/www.salon-international.net\/wp\/index.php?rest_route=\/wp\/v2\/users\/1"}],"replies":[{"embeddable":true,"href":"https:\/\/www.salon-international.net\/wp\/index.php?rest_route=%2Fwp%2Fv2%2Fcomments&post=10431"}],"version-history":[{"count":1,"href":"https:\/\/www.salon-international.net\/wp\/index.php?rest_route=\/wp\/v2\/posts\/10431\/revisions"}],"predecessor-version":[{"id":10435,"href":"https:\/\/www.salon-international.net\/wp\/index.php?rest_route=\/wp\/v2\/posts\/10431\/revisions\/10435"}],"wp:attachment":[{"href":"https:\/\/www.salon-international.net\/wp\/index.php?rest_route=%2Fwp%2Fv2%2Fmedia&parent=10431"}],"wp:term":[{"taxonomy":"category","embeddable":true,"href":"https:\/\/www.salon-international.net\/wp\/index.php?rest_route=%2Fwp%2Fv2%2Fcategories&post=10431"},{"taxonomy":"post_tag","embeddable":true,"href":"https:\/\/www.salon-international.net\/wp\/index.php?rest_route=%2Fwp%2Fv2%2Ftags&post=10431"}],"curies":[{"name":"wp","href":"https:\/\/api.w.org\/{rel}","templated":true}]}}