{"id":10422,"date":"2025-12-02T13:36:22","date_gmt":"2025-12-02T12:36:22","guid":{"rendered":"https:\/\/www.salon-international.net\/wp\/?p=10422"},"modified":"2025-12-02T13:38:27","modified_gmt":"2025-12-02T12:38:27","slug":"10422","status":"publish","type":"post","link":"https:\/\/www.salon-international.net\/wp\/?p=10422","title":{"rendered":"Intervista a Efi Davies the BRITISH HAIRDRESSER OF THE YEAR 2025"},"content":{"rendered":"<p style=\"text-align: left;\"><a href=\"http:\/\/www.salon-international.net\/wp\/wp-content\/uploads\/Avant-Garde-Hairdresser-of-the-Year-Efi-Davies-7-scaled.jpg\"><img decoding=\"async\" loading=\"lazy\" class=\"alignleft size-full wp-image-10425\" src=\"http:\/\/www.salon-international.net\/wp\/wp-content\/uploads\/Avant-Garde-Hairdresser-of-the-Year-Efi-Davies-7-scaled.jpg\" alt=\"\" width=\"1707\" height=\"2560\" srcset=\"https:\/\/www.salon-international.net\/wp\/wp-content\/uploads\/Avant-Garde-Hairdresser-of-the-Year-Efi-Davies-7-scaled.jpg 1707w, https:\/\/www.salon-international.net\/wp\/wp-content\/uploads\/Avant-Garde-Hairdresser-of-the-Year-Efi-Davies-7-200x300.jpg 200w, https:\/\/www.salon-international.net\/wp\/wp-content\/uploads\/Avant-Garde-Hairdresser-of-the-Year-Efi-Davies-7-683x1024.jpg 683w, https:\/\/www.salon-international.net\/wp\/wp-content\/uploads\/Avant-Garde-Hairdresser-of-the-Year-Efi-Davies-7-768x1152.jpg 768w, https:\/\/www.salon-international.net\/wp\/wp-content\/uploads\/Avant-Garde-Hairdresser-of-the-Year-Efi-Davies-7-1024x1536.jpg 1024w, https:\/\/www.salon-international.net\/wp\/wp-content\/uploads\/Avant-Garde-Hairdresser-of-the-Year-Efi-Davies-7-1365x2048.jpg 1365w\" sizes=\"(max-width: 1707px) 100vw, 1707px\" \/><\/a><\/p>\n<p>Siamo entusiasti di condividere con voi l&#8217;intervista esclusiva che Defi ci ha rilasciato qualche mese fa, quando ha vinto il prestigioso premio<\/p>\n<p>Se vi siete persi l&#8217;edizione cartacea del nostro magazine, ora \u00e8 finalmente disponibile online! In questa intervista, Defi ci racconta il suo percorso, le sfide affrontate e il significato di questo traguardo. Non perdetevela!\u00a0<br data-start=\"802\" data-end=\"805\" \/>Leggi\u00a0 un estratto dell&#8217;intervista<\/p>\n<p style=\"text-align: left;\"><strong>Il tuo stile \u00e8 profondamente all&#8217;avanguardia. Come pensi che questo approccio possa ispirare i parrucchieri <\/strong><strong>che lavorano quotidianamente nei saloni?<\/strong><\/p>\n<p style=\"text-align: left;\">I capelli all&#8217;avanguardia sono semplicemente un&#8217;altra fonte di ispirazione, non \u00e8 vero? Da giovane parrucchiere, mentre lavoravo a tempo pieno in salone, ogni volta che vedevo un lavoro all&#8217;avanguardia, mi sentivo incredibilmente ispirato. Mi spingeva a voler provare qualcosa di nuovo! Quando si sperimenta, si acquisisce una maggiore comprensione dei capelli. Questo, in definitiva, ti avvantaggia in tutto ci\u00f2 che fai. Ti apre la mente, ti motiva e ti d\u00e0 quella spinta extra per creare il tuo lavoro all&#8217;avanguardia. Poi non sai mai dove questo ti porter\u00e0, e inizierai a sviluppare le tecniche. Quindi, per me, qualsiasi tipo di ispirazione \u00e8 una forma di<br \/>\nmotivazione, e automaticamente, ti spinge non solo a fare una cosa, ma a essere un parrucchiere migliore.<br \/>\n<strong>Cosa significa per te essere &#8220;all&#8217;avanguardia&#8221; nel 2025?\u00a0<\/strong><\/p>\n<h1><strong>Scopri il resto dell&#8217;intervista nel nostro magazine online! &#x1f449; <a href=\"https:\/\/www.salon-international.net\/5-25\/mobile\/index.html#p=51\">link<\/a><\/strong><\/h1>\n<p>&nbsp;<\/p>\n<p>&nbsp;<\/p>\n","protected":false},"excerpt":{"rendered":"<p>Siamo entusiasti di condividere con voi l&#8217;intervista esclusiva che Defi ci ha rilasciato qualche mese fa, quando ha vinto il prestigioso premio Se vi siete persi l&#8217;edizione cartacea del nostro magazine, ora \u00e8 finalmente disponibile online! In questa intervista, Defi ci racconta il suo percorso, le sfide affrontate e il significato di questo traguardo. Non<\/p>\n","protected":false},"author":1,"featured_media":0,"comment_status":"open","ping_status":"closed","sticky":false,"template":"","format":"standard","meta":[],"categories":[1269],"tags":[],"views":225,"_links":{"self":[{"href":"https:\/\/www.salon-international.net\/wp\/index.php?rest_route=\/wp\/v2\/posts\/10422"}],"collection":[{"href":"https:\/\/www.salon-international.net\/wp\/index.php?rest_route=\/wp\/v2\/posts"}],"about":[{"href":"https:\/\/www.salon-international.net\/wp\/index.php?rest_route=\/wp\/v2\/types\/post"}],"author":[{"embeddable":true,"href":"https:\/\/www.salon-international.net\/wp\/index.php?rest_route=\/wp\/v2\/users\/1"}],"replies":[{"embeddable":true,"href":"https:\/\/www.salon-international.net\/wp\/index.php?rest_route=%2Fwp%2Fv2%2Fcomments&post=10422"}],"version-history":[{"count":3,"href":"https:\/\/www.salon-international.net\/wp\/index.php?rest_route=\/wp\/v2\/posts\/10422\/revisions"}],"predecessor-version":[{"id":10428,"href":"https:\/\/www.salon-international.net\/wp\/index.php?rest_route=\/wp\/v2\/posts\/10422\/revisions\/10428"}],"wp:attachment":[{"href":"https:\/\/www.salon-international.net\/wp\/index.php?rest_route=%2Fwp%2Fv2%2Fmedia&parent=10422"}],"wp:term":[{"taxonomy":"category","embeddable":true,"href":"https:\/\/www.salon-international.net\/wp\/index.php?rest_route=%2Fwp%2Fv2%2Fcategories&post=10422"},{"taxonomy":"post_tag","embeddable":true,"href":"https:\/\/www.salon-international.net\/wp\/index.php?rest_route=%2Fwp%2Fv2%2Ftags&post=10422"}],"curies":[{"name":"wp","href":"https:\/\/api.w.org\/{rel}","templated":true}]}}