{"id":10347,"date":"2025-11-03T10:33:17","date_gmt":"2025-11-03T09:33:17","guid":{"rendered":"https:\/\/www.salon-international.net\/wp\/?p=10347"},"modified":"2025-11-03T10:33:17","modified_gmt":"2025-11-03T09:33:17","slug":"kemon-premiata-dalla-regione-umbria-per-la-promozione-della-salute-nei-luoghi-di-lavoro","status":"publish","type":"post","link":"https:\/\/www.salon-international.net\/wp\/?p=10347","title":{"rendered":"Kemon premiata dalla Regione Umbria per la promozione della salute nei luoghi di lavoro"},"content":{"rendered":"<div id=\"attachment_10348\" style=\"width: 311px\" class=\"wp-caption alignright\"><a href=\"http:\/\/www.salon-international.net\/wp\/wp-content\/uploads\/Kemon-1-scaled.jpg\"><img aria-describedby=\"caption-attachment-10348\" decoding=\"async\" loading=\"lazy\" class=\"wp-image-10348\" src=\"http:\/\/www.salon-international.net\/wp\/wp-content\/uploads\/Kemon-1-803x1024.jpg\" alt=\"\" width=\"301\" height=\"384\" srcset=\"https:\/\/www.salon-international.net\/wp\/wp-content\/uploads\/Kemon-1-803x1024.jpg 803w, https:\/\/www.salon-international.net\/wp\/wp-content\/uploads\/Kemon-1-235x300.jpg 235w, https:\/\/www.salon-international.net\/wp\/wp-content\/uploads\/Kemon-1-768x980.jpg 768w, https:\/\/www.salon-international.net\/wp\/wp-content\/uploads\/Kemon-1-1204x1536.jpg 1204w, https:\/\/www.salon-international.net\/wp\/wp-content\/uploads\/Kemon-1-1606x2048.jpg 1606w, https:\/\/www.salon-international.net\/wp\/wp-content\/uploads\/Kemon-1-scaled.jpg 2007w\" sizes=\"(max-width: 301px) 100vw, 301px\" \/><\/a><p id=\"caption-attachment-10348\" class=\"wp-caption-text\">A sinistra, Francesca Nocentini (General Manager Kemon S.p.A.) con Stefania Proietti presidente Regione Umbria<\/p><\/div>\n<p data-start=\"125\" data-end=\"767\">Creare un ambiente di lavoro sano, attivo e sostenibile, dove la salute non sia un semplice slogan sulla carta ma una pratica quotidiana, \u00e8 il cuore del progetto che ha portato <strong>Kemon<\/strong>, storica azienda umbra dell\u2019haircare professionale, a ricevere dalla Regione Umbria il riconoscimento come \u00abAzienda che promuove salute nel luogo di lavoro\u00bb. Il programma di welfare aziendale, intitolato <strong data-start=\"512\" data-end=\"547\">\u201cUn viaggio verso il benessere\u201d<\/strong>, avviato nel 2024, accompagner\u00e0 l\u2019azienda per cinque anni con l\u2019obiettivo di far nascere una vera e propria cultura del benessere sul luogo di lavoro, radicata nelle scelte consapevoli e visibile nei gesti quotidiani.<\/p>\n<p data-start=\"769\" data-end=\"1430\">Nel primo anno Kemon ha messo in campo iniziative concrete per favorire uno stile di vita sano tra i collaboratori: consulenze nutrizionali per promuovere un\u2019alimentazione equilibrata, convenzioni con palestre e centri sportivi locali per incoraggiare l\u2019attivit\u00e0 fisica, passeggiate di salute nei luoghi che raccontano l\u2019anima green dell\u2019azienda \u2014 dai laboratori a cielo aperto ai frutteti della Fondazione <em data-start=\"1176\" data-end=\"1197\">Archeologia Arborea<\/em> \u2014 e l\u2019introduzione di men\u00f9 bilanciati e snack salutari nelle aree break. A completare il quadro, la possibilit\u00e0 di effettuare analisi del sangue direttamente in azienda, per rendere la prevenzione un\u2019abitudine accessibile a tutti.<\/p>\n<h3 data-start=\"1432\" data-end=\"1480\">La cultura del benessere come leva d\u2019impresa<\/h3>\n<p data-start=\"1482\" data-end=\"1875\">\u00abUn\u2019azienda pu\u00f2 fare la differenza nel promuovere stili di vita pi\u00f9 sani\u00bb, ha commentato Giuliano Nocentini, Presidente e Amministratore Delegato di Kemon Group. \u00c8 un concetto semplice ma incisivo: il benessere delle persone \u00e8 parte integrante del successo collettivo. Con questo progetto, Kemon porta ai propri dipendenti ci\u00f2 che esprime nelle sue formule: cura, equilibrio e sostenibilit\u00e0.<\/p>\n<h3 data-start=\"1877\" data-end=\"1913\">Perch\u00e9 interessa ai parrucchieri<\/h3>\n<p data-start=\"2227\" data-end=\"2542\">\n","protected":false},"excerpt":{"rendered":"<p>Creare un ambiente di lavoro sano, attivo e sostenibile, dove la salute non sia un semplice slogan sulla carta ma una pratica quotidiana, \u00e8 il cuore del progetto che ha portato Kemon, storica azienda umbra dell\u2019haircare professionale, a ricevere dalla Regione Umbria il riconoscimento come \u00abAzienda che promuove salute nel luogo di lavoro\u00bb. Il programma<\/p>\n","protected":false},"author":1,"featured_media":0,"comment_status":"open","ping_status":"closed","sticky":false,"template":"","format":"standard","meta":[],"categories":[219],"tags":[2072,2071],"views":261,"_links":{"self":[{"href":"https:\/\/www.salon-international.net\/wp\/index.php?rest_route=\/wp\/v2\/posts\/10347"}],"collection":[{"href":"https:\/\/www.salon-international.net\/wp\/index.php?rest_route=\/wp\/v2\/posts"}],"about":[{"href":"https:\/\/www.salon-international.net\/wp\/index.php?rest_route=\/wp\/v2\/types\/post"}],"author":[{"embeddable":true,"href":"https:\/\/www.salon-international.net\/wp\/index.php?rest_route=\/wp\/v2\/users\/1"}],"replies":[{"embeddable":true,"href":"https:\/\/www.salon-international.net\/wp\/index.php?rest_route=%2Fwp%2Fv2%2Fcomments&post=10347"}],"version-history":[{"count":2,"href":"https:\/\/www.salon-international.net\/wp\/index.php?rest_route=\/wp\/v2\/posts\/10347\/revisions"}],"predecessor-version":[{"id":10350,"href":"https:\/\/www.salon-international.net\/wp\/index.php?rest_route=\/wp\/v2\/posts\/10347\/revisions\/10350"}],"wp:attachment":[{"href":"https:\/\/www.salon-international.net\/wp\/index.php?rest_route=%2Fwp%2Fv2%2Fmedia&parent=10347"}],"wp:term":[{"taxonomy":"category","embeddable":true,"href":"https:\/\/www.salon-international.net\/wp\/index.php?rest_route=%2Fwp%2Fv2%2Fcategories&post=10347"},{"taxonomy":"post_tag","embeddable":true,"href":"https:\/\/www.salon-international.net\/wp\/index.php?rest_route=%2Fwp%2Fv2%2Ftags&post=10347"}],"curies":[{"name":"wp","href":"https:\/\/api.w.org\/{rel}","templated":true}]}}