{"id":10262,"date":"2025-09-23T11:02:46","date_gmt":"2025-09-23T10:02:46","guid":{"rendered":"https:\/\/www.salon-international.net\/wp\/?p=10262"},"modified":"2025-09-25T11:21:28","modified_gmt":"2025-09-25T10:21:28","slug":"vitalitys-porta-il-talento-italiano-sul-palco-internazionale-del-mcb-di-parigi","status":"publish","type":"post","link":"https:\/\/www.salon-international.net\/wp\/?p=10262","title":{"rendered":"Vitality\u2019s porta il talento italiano sul palco internazionale del MCB di Parigi"},"content":{"rendered":"<div id=\"70569140941a28f0\" class=\"conversation-container message-actions-hover-boundary ng-star-inserted\">\n<div>\n<div class=\"response-container ng-tns-c4250684320-19 response-container-with-gpi ng-star-inserted\">\n<div class=\"presented-response-container ng-tns-c4250684320-19\">\n<div class=\"response-container-content ng-tns-c4250684320-19\">\n<div class=\"response-content ng-tns-c4250684320-19\">\n<div id=\"model-response-message-contentr_70569140941a28f0\" class=\"markdown markdown-main-panel enable-updated-hr-color\" dir=\"ltr\"><\/div>\n<div class=\"response-footer gap complete\"><a href=\"http:\/\/www.salon-international.net\/wp\/wp-content\/uploads\/download-26.jpg\"><img decoding=\"async\" loading=\"lazy\" class=\"alignleft size-thumbnail wp-image-10268\" src=\"http:\/\/www.salon-international.net\/wp\/wp-content\/uploads\/download-26-150x129.jpg\" alt=\"\" width=\"150\" height=\"129\" \/><\/a>Il <strong data-start=\"212\" data-end=\"239\">MCB by Beaut\u00e9 S\u00e9lection<\/strong> \u00e8 da anni un punto fermo nell\u2019agenda dei professionisti europei della coiffure. L\u2019edizione 2025, andata in scena a Parigi dal 13 al 15 settembre, ha confermato la sua natura di hub internazionale dove business, creativit\u00e0 e formazione si intrecciano, offrendo una panoramica completa su tendenze e innovazioni per parrucchieri, make-up artist e professionisti del beauty.<\/div>\n<\/div>\n<\/div>\n<\/div>\n<div class=\"response-container-footer ng-tns-c4250684320-19\">\n<div class=\"actions-container-v2 ng-tns-c3951092957-21\">\n<div class=\"buttons-container-v2 ng-tns-c3951092957-21 ng-star-inserted\">\n<div class=\"tooltip-anchor-point ng-tns-c3951092957-21 ng-star-inserted\">\n<p data-start=\"584\" data-end=\"850\">In questa cornice, sul <strong data-start=\"607\" data-end=\"621\">Main Stage<\/strong>, si \u00e8 celebrato anche il <strong data-start=\"647\" data-end=\"703\">79\u00b0 anniversario dell\u2019Organisation Mondiale Coiffure<\/strong>. Un\u2019occasione che non guarda soltanto al passato, ma che diventa motore per riflettere sull\u2019evoluzione del mestiere e sulle nuove sfide globali.<\/p>\n<p data-start=\"852\" data-end=\"1214\">A rappresentare l\u2019Italia, <strong data-start=\"878\" data-end=\"900\">Salvatore Mazzotta<\/strong>, riconosciuto come <em data-start=\"920\" data-end=\"945\">World Renowned Educator<\/em>, ha condiviso il palco con <strong data-start=\"973\" data-end=\"987\">Diana Doci<\/strong> e <strong data-start=\"990\" data-end=\"1011\">Guglielmo Mangili<\/strong>. I tre artisti hanno messo in scena un lavoro che ha unito tecnica, estro e sensibilit\u00e0 estetica, interpretando i capelli come linguaggio visivo capace di trasformare le modelle in statement di stile.<\/p>\n<p data-start=\"1216\" data-end=\"1447\">La presenza di <strong data-start=\"1231\" data-end=\"1245\">Vitality\u2019s<\/strong> a fianco degli hairstylist sul palcoscenico e come sponsor delle squadre Italia e Francia e dell\u2019OMC conferma il ruolo del brand come partner attivo nei contesti di alta formazione e sperimentazione.<\/p>\n<p data-start=\"1449\" data-end=\"1774\">L\u2019evento ha ribadito come il MCB non sia soltanto una vetrina di prodotti o un momento di spettacolo, ma un <strong data-start=\"1562\" data-end=\"1606\">laboratorio di connessioni professionali<\/strong>: uno spazio in cui le aziende e i creativi del settore condividono strumenti, visioni e nuove direzioni per un mestiere che si muove tra artigianalit\u00e0 e innovazione.<\/p>\n<\/div>\n<div class=\"menu-button-wrapper ng-tns-c3951092957-21 ng-star-inserted\">\n\n\t\t<style type=\"text\/css\">\n\t\t\t#gallery-1 {\n\t\t\t\tmargin: auto;\n\t\t\t}\n\t\t\t#gallery-1 .gallery-item {\n\t\t\t\tfloat: left;\n\t\t\t\tmargin-top: 10px;\n\t\t\t\ttext-align: center;\n\t\t\t\twidth: 50%;\n\t\t\t}\n\t\t\t#gallery-1 img {\n\t\t\t\tborder: 2px solid #cfcfcf;\n\t\t\t}\n\t\t\t#gallery-1 .gallery-caption {\n\t\t\t\tmargin-left: 0;\n\t\t\t}\n\t\t\t\/* see gallery_shortcode() in wp-includes\/media.php *\/\n\t\t<\/style>\n\t\t<div id='gallery-1' class='gallery galleryid-10262 gallery-columns-2 gallery-size-large'><dl class='gallery-item'>\n\t\t\t<dt class='gallery-icon portrait'>\n\t\t\t\t<a href='https:\/\/www.salon-international.net\/wp\/?attachment_id=10267'><img width=\"768\" height=\"1024\" src=\"https:\/\/www.salon-international.net\/wp\/wp-content\/uploads\/1000121939-768x1024.jpg\" class=\"attachment-large size-large\" alt=\"\" decoding=\"async\" loading=\"lazy\" aria-describedby=\"gallery-1-10267\" srcset=\"https:\/\/www.salon-international.net\/wp\/wp-content\/uploads\/1000121939-768x1024.jpg 768w, https:\/\/www.salon-international.net\/wp\/wp-content\/uploads\/1000121939-scaled-e1758795225633-225x300.jpg 225w, https:\/\/www.salon-international.net\/wp\/wp-content\/uploads\/1000121939-1152x1536.jpg 1152w, https:\/\/www.salon-international.net\/wp\/wp-content\/uploads\/1000121939-1536x2048.jpg 1536w, https:\/\/www.salon-international.net\/wp\/wp-content\/uploads\/1000121939-scaled-e1758795225633.jpg 600w\" sizes=\"(max-width: 768px) 100vw, 768px\" \/><\/a>\n\t\t\t<\/dt>\n\t\t\t\t<dd class='wp-caption-text gallery-caption' id='gallery-1-10267'>\n\t\t\t\t\u00a0Diana Doci\u00a0\n\t\t\t\t<\/dd><\/dl><dl class='gallery-item'>\n\t\t\t<dt class='gallery-icon portrait'>\n\t\t\t\t<a href='https:\/\/www.salon-international.net\/wp\/?attachment_id=10266'><img width=\"768\" height=\"1024\" src=\"https:\/\/www.salon-international.net\/wp\/wp-content\/uploads\/1000121935-768x1024.jpg\" class=\"attachment-large size-large\" alt=\"\" decoding=\"async\" loading=\"lazy\" aria-describedby=\"gallery-1-10266\" srcset=\"https:\/\/www.salon-international.net\/wp\/wp-content\/uploads\/1000121935-768x1024.jpg 768w, https:\/\/www.salon-international.net\/wp\/wp-content\/uploads\/1000121935-225x300.jpg 225w, https:\/\/www.salon-international.net\/wp\/wp-content\/uploads\/1000121935-1152x1536.jpg 1152w, https:\/\/www.salon-international.net\/wp\/wp-content\/uploads\/1000121935-1536x2048.jpg 1536w, https:\/\/www.salon-international.net\/wp\/wp-content\/uploads\/1000121935-scaled.jpg 1920w\" sizes=\"(max-width: 768px) 100vw, 768px\" \/><\/a>\n\t\t\t<\/dt>\n\t\t\t\t<dd class='wp-caption-text gallery-caption' id='gallery-1-10266'>\n\t\t\t\tSalvatore Mazzotta\n\t\t\t\t<\/dd><\/dl><br style=\"clear: both\" \/><dl class='gallery-item'>\n\t\t\t<dt class='gallery-icon portrait'>\n\t\t\t\t<a href='https:\/\/www.salon-international.net\/wp\/?attachment_id=10265'><img width=\"768\" height=\"1024\" src=\"https:\/\/www.salon-international.net\/wp\/wp-content\/uploads\/1000121925-768x1024.jpg\" class=\"attachment-large size-large\" alt=\"\" decoding=\"async\" loading=\"lazy\" srcset=\"https:\/\/www.salon-international.net\/wp\/wp-content\/uploads\/1000121925-768x1024.jpg 768w, https:\/\/www.salon-international.net\/wp\/wp-content\/uploads\/1000121925-225x300.jpg 225w, https:\/\/www.salon-international.net\/wp\/wp-content\/uploads\/1000121925-1152x1536.jpg 1152w, https:\/\/www.salon-international.net\/wp\/wp-content\/uploads\/1000121925-1536x2048.jpg 1536w, https:\/\/www.salon-international.net\/wp\/wp-content\/uploads\/1000121925-scaled.jpg 1920w\" sizes=\"(max-width: 768px) 100vw, 768px\" \/><\/a>\n\t\t\t<\/dt><\/dl><dl class='gallery-item'>\n\t\t\t<dt class='gallery-icon portrait'>\n\t\t\t\t<a href='https:\/\/www.salon-international.net\/wp\/?attachment_id=10264'><img width=\"768\" height=\"1024\" src=\"https:\/\/www.salon-international.net\/wp\/wp-content\/uploads\/1000121908-768x1024.jpg\" class=\"attachment-large size-large\" alt=\"\" decoding=\"async\" loading=\"lazy\" aria-describedby=\"gallery-1-10264\" srcset=\"https:\/\/www.salon-international.net\/wp\/wp-content\/uploads\/1000121908-768x1024.jpg 768w, https:\/\/www.salon-international.net\/wp\/wp-content\/uploads\/1000121908-225x300.jpg 225w, https:\/\/www.salon-international.net\/wp\/wp-content\/uploads\/1000121908-1152x1536.jpg 1152w, https:\/\/www.salon-international.net\/wp\/wp-content\/uploads\/1000121908-1536x2048.jpg 1536w, https:\/\/www.salon-international.net\/wp\/wp-content\/uploads\/1000121908-scaled.jpg 1920w\" sizes=\"(max-width: 768px) 100vw, 768px\" \/><\/a>\n\t\t\t<\/dt>\n\t\t\t\t<dd class='wp-caption-text gallery-caption' id='gallery-1-10264'>\n\t\t\t\tGuglielmo Mangili\n\t\t\t\t<\/dd><\/dl><br style=\"clear: both\" \/>\n\t\t<\/div>\n\n<p>&nbsp;<\/p>\n<div class=\"more-menu-button-container ng-tns-c3951092957-21\"><\/div>\n<\/div>\n<div class=\"spacer ng-tns-c3951092957-21 ng-star-inserted\"><\/div>\n<\/div>\n<\/div>\n<\/div>\n<\/div>\n<\/div>\n<div class=\"restart-chat-button-scroll-placeholder ng-star-inserted\"><\/div>\n<\/div>\n<div id=\"113670ce3a1090e1\" class=\"conversation-container message-actions-hover-boundary ng-star-inserted\">\n<div class=\"user-query-container user-query-bubble-container ng-star-inserted\">\n<div class=\"file-preview-container ng-star-inserted\"><\/div>\n<div id=\"user-query-content-1\" class=\"query-content ng-star-inserted verticle-align-for-single-line-text\">\n<div class=\"ng-star-inserted\"><\/div>\n<div class=\"query-text gds-body-l\" dir=\"ltr\" role=\"heading\" aria-level=\"2\">\n<p class=\"query-text-line ng-star-inserted\">\n<\/div>\n<\/div>\n<\/div>\n<\/div>\n","protected":false},"excerpt":{"rendered":"<p>Il MCB by Beaut\u00e9 S\u00e9lection \u00e8 da anni un punto fermo nell\u2019agenda dei professionisti europei della coiffure. L\u2019edizione 2025, andata in scena a Parigi dal 13 al 15 settembre, ha confermato la sua natura di hub internazionale dove business, creativit\u00e0 e formazione si intrecciano, offrendo una panoramica completa su tendenze e innovazioni per parrucchieri, make-up<\/p>\n","protected":false},"author":1,"featured_media":0,"comment_status":"open","ping_status":"closed","sticky":false,"template":"","format":"standard","meta":[],"categories":[7,219],"tags":[2024,2025,344],"views":369,"_links":{"self":[{"href":"https:\/\/www.salon-international.net\/wp\/index.php?rest_route=\/wp\/v2\/posts\/10262"}],"collection":[{"href":"https:\/\/www.salon-international.net\/wp\/index.php?rest_route=\/wp\/v2\/posts"}],"about":[{"href":"https:\/\/www.salon-international.net\/wp\/index.php?rest_route=\/wp\/v2\/types\/post"}],"author":[{"embeddable":true,"href":"https:\/\/www.salon-international.net\/wp\/index.php?rest_route=\/wp\/v2\/users\/1"}],"replies":[{"embeddable":true,"href":"https:\/\/www.salon-international.net\/wp\/index.php?rest_route=%2Fwp%2Fv2%2Fcomments&post=10262"}],"version-history":[{"count":1,"href":"https:\/\/www.salon-international.net\/wp\/index.php?rest_route=\/wp\/v2\/posts\/10262\/revisions"}],"predecessor-version":[{"id":10269,"href":"https:\/\/www.salon-international.net\/wp\/index.php?rest_route=\/wp\/v2\/posts\/10262\/revisions\/10269"}],"wp:attachment":[{"href":"https:\/\/www.salon-international.net\/wp\/index.php?rest_route=%2Fwp%2Fv2%2Fmedia&parent=10262"}],"wp:term":[{"taxonomy":"category","embeddable":true,"href":"https:\/\/www.salon-international.net\/wp\/index.php?rest_route=%2Fwp%2Fv2%2Fcategories&post=10262"},{"taxonomy":"post_tag","embeddable":true,"href":"https:\/\/www.salon-international.net\/wp\/index.php?rest_route=%2Fwp%2Fv2%2Ftags&post=10262"}],"curies":[{"name":"wp","href":"https:\/\/api.w.org\/{rel}","templated":true}]}}