{"id":10065,"date":"2024-12-06T11:04:54","date_gmt":"2024-12-06T10:04:54","guid":{"rendered":"https:\/\/www.salon-international.net\/wp\/?p=10065"},"modified":"2024-12-06T11:18:08","modified_gmt":"2024-12-06T10:18:08","slug":"x-factor-2024-vince-mimi-caruso-e-il-suo-mondo-da-raccontare","status":"publish","type":"post","link":"https:\/\/www.salon-international.net\/wp\/?p=10065","title":{"rendered":"X Factor 2024 vince Mim\u00ec Caruso e il suo mondo da raccontare"},"content":{"rendered":"<p>&nbsp;<\/p>\n<p><a href=\"http:\/\/www.salon-international.net\/wp\/wp-content\/uploads\/468401430_1134074878074536_6721914472648812469_n-e1733441129967-1080x556-1.jpg\"><img decoding=\"async\" loading=\"lazy\" class=\"alignleft size-full wp-image-10069\" src=\"http:\/\/www.salon-international.net\/wp\/wp-content\/uploads\/468401430_1134074878074536_6721914472648812469_n-e1733441129967-1080x556-1.jpg\" alt=\"\" width=\"1080\" height=\"556\" srcset=\"https:\/\/www.salon-international.net\/wp\/wp-content\/uploads\/468401430_1134074878074536_6721914472648812469_n-e1733441129967-1080x556-1.jpg 1080w, https:\/\/www.salon-international.net\/wp\/wp-content\/uploads\/468401430_1134074878074536_6721914472648812469_n-e1733441129967-1080x556-1-300x154.jpg 300w, https:\/\/www.salon-international.net\/wp\/wp-content\/uploads\/468401430_1134074878074536_6721914472648812469_n-e1733441129967-1080x556-1-1024x527.jpg 1024w, https:\/\/www.salon-international.net\/wp\/wp-content\/uploads\/468401430_1134074878074536_6721914472648812469_n-e1733441129967-1080x556-1-768x395.jpg 768w\" sizes=\"(max-width: 1080px) 100vw, 1080px\" \/><\/a>Mim\u00ec Caruso,\u00a0 classe 2007, \u00e8 la giovane promessa della musica italiana che ha conquistato il titolo di vincitrice di <strong>X Factor 2024<\/strong>. A soli 17 anni, Mim\u00ec \u00e8 riuscita, grazie al suo talento straordinario, alla sua versatilit\u00e0 artistica e alla sua capacit\u00e0 di emozionare il pubblico. Originaria di <strong>Usmate Velate<\/strong>, un piccolo comune in provincia di Monza-Brianza, Mim\u00ec \u00e8 cresciuta ascoltando soul e jazz, influenze che hanno plasmato il suo stile unico e sofisticato. Accompagnata dal suo giudice e mentore <strong>Manuel Agnelli<\/strong>, Mim\u00ec ha saputo esplorare nuovi generi musicali, spaziando con naturalezza dal soul all\u2019indie, fino all\u2019hip hop.<\/p>\n<p><iframe loading=\"lazy\" title=\"La vincitrice Mim\u00ec con il suo inedito \u201cDove si va?\u201d | X FACTOR 2024 FINALE\" width=\"500\" height=\"281\" src=\"https:\/\/www.youtube.com\/embed\/hSuWlXqP0GU?feature=oembed\" frameborder=\"0\" allow=\"accelerometer; autoplay; clipboard-write; encrypted-media; gyroscope; picture-in-picture; web-share\" referrerpolicy=\"strict-origin-when-cross-origin\" allowfullscreen><\/iframe><\/p>\n<p><a href=\"http:\/\/www.salon-international.net\/wp\/wp-content\/uploads\/468401430_1134074878074536_6721914472648812469_n-e1733441129967-1080x556-1.jpg\"><img decoding=\"async\" loading=\"lazy\" class=\"alignleft size-full wp-image-10069\" src=\"http:\/\/www.salon-international.net\/wp\/wp-content\/uploads\/468401430_1134074878074536_6721914472648812469_n-e1733441129967-1080x556-1.jpg\" alt=\"\" width=\"1080\" height=\"556\" srcset=\"https:\/\/www.salon-international.net\/wp\/wp-content\/uploads\/468401430_1134074878074536_6721914472648812469_n-e1733441129967-1080x556-1.jpg 1080w, https:\/\/www.salon-international.net\/wp\/wp-content\/uploads\/468401430_1134074878074536_6721914472648812469_n-e1733441129967-1080x556-1-300x154.jpg 300w, https:\/\/www.salon-international.net\/wp\/wp-content\/uploads\/468401430_1134074878074536_6721914472648812469_n-e1733441129967-1080x556-1-1024x527.jpg 1024w, https:\/\/www.salon-international.net\/wp\/wp-content\/uploads\/468401430_1134074878074536_6721914472648812469_n-e1733441129967-1080x556-1-768x395.jpg 768w\" sizes=\"(max-width: 1080px) 100vw, 1080px\" \/><\/a><\/p>\n<p>&nbsp;<\/p>\n","protected":false},"excerpt":{"rendered":"<p>&nbsp; Mim\u00ec Caruso,\u00a0 classe 2007, \u00e8 la giovane promessa della musica italiana che ha conquistato il titolo di vincitrice di X Factor 2024. A soli 17 anni, Mim\u00ec \u00e8 riuscita, grazie al suo talento straordinario, alla sua versatilit\u00e0 artistica e alla sua capacit\u00e0 di emozionare il pubblico. Originaria di Usmate Velate, un piccolo comune in<\/p>\n","protected":false},"author":1,"featured_media":0,"comment_status":"open","ping_status":"closed","sticky":false,"template":"","format":"standard","meta":[],"categories":[219],"tags":[1991],"views":691,"_links":{"self":[{"href":"https:\/\/www.salon-international.net\/wp\/index.php?rest_route=\/wp\/v2\/posts\/10065"}],"collection":[{"href":"https:\/\/www.salon-international.net\/wp\/index.php?rest_route=\/wp\/v2\/posts"}],"about":[{"href":"https:\/\/www.salon-international.net\/wp\/index.php?rest_route=\/wp\/v2\/types\/post"}],"author":[{"embeddable":true,"href":"https:\/\/www.salon-international.net\/wp\/index.php?rest_route=\/wp\/v2\/users\/1"}],"replies":[{"embeddable":true,"href":"https:\/\/www.salon-international.net\/wp\/index.php?rest_route=%2Fwp%2Fv2%2Fcomments&post=10065"}],"version-history":[{"count":4,"href":"https:\/\/www.salon-international.net\/wp\/index.php?rest_route=\/wp\/v2\/posts\/10065\/revisions"}],"predecessor-version":[{"id":10072,"href":"https:\/\/www.salon-international.net\/wp\/index.php?rest_route=\/wp\/v2\/posts\/10065\/revisions\/10072"}],"wp:attachment":[{"href":"https:\/\/www.salon-international.net\/wp\/index.php?rest_route=%2Fwp%2Fv2%2Fmedia&parent=10065"}],"wp:term":[{"taxonomy":"category","embeddable":true,"href":"https:\/\/www.salon-international.net\/wp\/index.php?rest_route=%2Fwp%2Fv2%2Fcategories&post=10065"},{"taxonomy":"post_tag","embeddable":true,"href":"https:\/\/www.salon-international.net\/wp\/index.php?rest_route=%2Fwp%2Fv2%2Ftags&post=10065"}],"curies":[{"name":"wp","href":"https:\/\/api.w.org\/{rel}","templated":true}]}}